{"id":12391,"date":"2021-02-09T14:10:10","date_gmt":"2021-02-09T13:10:10","guid":{"rendered":"https:\/\/outreach-wp.ixole.es\/icfodg-g6-p1\/"},"modified":"2021-11-16T14:41:03","modified_gmt":"2021-11-16T13:41:03","slug":"icfodg-g6-p1","status":"publish","type":"post","link":"https:\/\/outreach-wp.ixole.es\/ca\/icfodg-g6-p1\/","title":{"rendered":"ICFO Decide Game &#8211; Group 6 &#8211; Participant 1"},"content":{"rendered":"<p>[et_pb_section fb_built=&#8221;1&#8243; _builder_version=&#8221;4.7.7&#8243; _module_preset=&#8221;default&#8221; background_enable_color=&#8221;off&#8221; background_enable_image=&#8221;off&#8221; background_size=&#8221;initial&#8221; background_repeat=&#8221;repeat&#8221; custom_margin=&#8221;0px||0px|0px|false|false&#8221; global_colors_info=&#8221;{}&#8221;][et_pb_row _builder_version=&#8221;4.7.7&#8243; _module_preset=&#8221;default&#8221; background_color=&#8221;rgba(0,0,0,0)&#8221; width_tablet=&#8221;95%&#8221; width_phone=&#8221;&#8221; width_last_edited=&#8221;on|tablet&#8221; global_colors_info=&#8221;{}&#8221;][et_pb_column type=&#8221;4_4&#8243; _builder_version=&#8221;4.6.0&#8243; _module_preset=&#8221;default&#8221; global_colors_info=&#8221;{}&#8221;][et_pb_text _builder_version=&#8221;4.7.7&#8243; _module_preset=&#8221;default&#8221; header_font=&#8221;||||||||&#8221; header_text_color=&#8221;#001489&#8243; header_font_size=&#8221;60px&#8221; background_color=&#8221;#ffffff&#8221; custom_padding=&#8221;10px|5%|10px|5%|false|false&#8221; global_colors_info=&#8221;{}&#8221;]<\/p>\n<h1><\/h1>\n<h1>ICFO decide game<\/h1>\n<h3>Grup 6 &#8211; Participant 1<\/h3>\n<p>[\/et_pb_text][\/et_pb_column][\/et_pb_row][\/et_pb_section][et_pb_section fb_built=&#8221;1&#8243; _builder_version=&#8221;4.7.7&#8243; _module_preset=&#8221;default&#8221; background_color=&#8221;rgba(0,20,137,0.5)&#8221; background_enable_image=&#8221;off&#8221; background_size=&#8221;initial&#8221; background_repeat=&#8221;repeat&#8221; global_colors_info=&#8221;{}&#8221;][et_pb_row _builder_version=&#8221;4.6.0&#8243; _module_preset=&#8221;default&#8221; width_tablet=&#8221;95%&#8221; width_phone=&#8221;&#8221; width_last_edited=&#8221;on|tablet&#8221; global_colors_info=&#8221;{}&#8221; global_module=&#8221;11312&#8243;][et_pb_column type=&#8221;4_4&#8243; _builder_version=&#8221;4.6.0&#8243; _module_preset=&#8221;default&#8221; global_colors_info=&#8221;{}&#8221;][et_pb_text _builder_version=&#8221;4.7.7&#8243; _module_preset=&#8221;default&#8221; header_font=&#8221;||||||||&#8221; header_text_color=&#8221;#001489&#8243; header_font_size=&#8221;60px&#8221; header_2_font_size=&#8221;42px&#8221; background_color=&#8221;#ffffff&#8221; custom_padding=&#8221;10px|5%|10px|5%|false|false&#8221; global_colors_info=&#8221;{}&#8221;]<\/p>\n<h2><span style=\"color: #001489;\">Story cards<\/span><\/h2>\n<p><span style=\"color: #001489;\"><\/span><\/p>\n<p><span style=\"color: #000000;\">Llegeix totes les cartes d\u2019aquesta categoria, tria la que et sembli m\u00e9s interessant i comenta-la amb la resta del grup.<\/span><\/p>\n<p><span style=\"color: #000000;\"><\/span><\/p>\n<p>[\/et_pb_text][\/et_pb_column][\/et_pb_row][et_pb_row column_structure=&#8221;1_4,1_2,1_4&#8243; use_custom_gutter=&#8221;on&#8221; gutter_width=&#8221;1&#8243; _builder_version=&#8221;4.6.5&#8243; _module_preset=&#8221;default&#8221; background_color=&#8221;#ffffff&#8221; width_tablet=&#8221;95%&#8221; width_phone=&#8221;&#8221; width_last_edited=&#8221;on|tablet&#8221; custom_margin=&#8221;||45px||false|false&#8221; saved_tabs=&#8221;all&#8221; global_colors_info=&#8221;{}&#8221; global_module=&#8221;11360&#8243;][et_pb_column type=&#8221;1_4&#8243; _builder_version=&#8221;4.6.0&#8243; _module_preset=&#8221;default&#8221; global_colors_info=&#8221;{}&#8221;][et_pb_image src=&#8221;https:\/\/outreach-wp.ixole.es\/wp-content\/uploads\/2020\/09\/Picture2.png&#8221; title_text=&#8221;Jun Jiang&#8221; _builder_version=&#8221;4.7.7&#8243; _module_preset=&#8221;default&#8221; box_shadow_style=&#8221;preset1&#8243; global_colors_info=&#8221;{}&#8221;][\/et_pb_image][\/et_pb_column][et_pb_column type=&#8221;1_2&#8243; _builder_version=&#8221;4.6.0&#8243; _module_preset=&#8221;default&#8221; global_colors_info=&#8221;{}&#8221;][et_pb_team_member name=&#8221;Jun jiang&#8221; position=&#8221;Story Card 6&#8243; _builder_version=&#8221;4.6.0&#8243; _module_preset=&#8221;default&#8221; header_level=&#8221;h1&#8243; header_text_color=&#8221;#ffffff&#8221; position_text_color=&#8221;#ffffff&#8221; background_color=&#8221;#001489&#8243; custom_margin=&#8221;2vw|8vw||-4vw|false|false&#8221; custom_margin_tablet=&#8221;-4vw|5%||5%|false|false&#8221; custom_margin_phone=&#8221;&#8221; custom_margin_last_edited=&#8221;on|tablet&#8221; custom_padding=&#8221;25px||25px|5%|false|false&#8221; box_shadow_style=&#8221;preset1&#8243; box_shadow_blur=&#8221;80px&#8221; global_colors_info=&#8221;{}&#8221;][\/et_pb_team_member][et_pb_text _builder_version=&#8221;4.6.0&#8243; _module_preset=&#8221;default&#8221; custom_margin=&#8221;22.5px|5%||5%|false|true&#8221; global_colors_info=&#8221;{}&#8221;]<\/p>\n<p>Vaig portar ulleres des de molt petit i sempre volia ser com els meus amics que podien fer esport i anar a la piscina sense tenir problemes de vista. Fa dos anys vaig poder operar-me als ulls per <b>reduir la meva miopia<\/b> i per fi puc veure el m\u00f3n directament i no a trav\u00e9s del vidre de les ulleres! I tot <b>gr\u00e0cies als fotons d\u2019un l\u00e0ser <\/b><b>ultraprec\u00eds<\/b> que va permetre al cirurgi\u00e0 fer incisions als meus ulls amb m\u00ednim risc.<\/p>\n<p>[\/et_pb_text][\/et_pb_column][et_pb_column type=&#8221;1_4&#8243; _builder_version=&#8221;4.6.0&#8243; _module_preset=&#8221;default&#8221; global_colors_info=&#8221;{}&#8221;][et_pb_text _builder_version=&#8221;4.7.7&#8243; _module_preset=&#8221;bc44697c-6d8b-4dc1-af9d-b120ecf1a84d&#8221; global_colors_info=&#8221;{}&#8221;]<\/p>\n<h3>Salut<\/h3>\n<p>[\/et_pb_text][\/et_pb_column][\/et_pb_row][et_pb_row column_structure=&#8221;1_4,1_2,1_4&#8243; use_custom_gutter=&#8221;on&#8221; gutter_width=&#8221;1&#8243; _builder_version=&#8221;4.7.7&#8243; _module_preset=&#8221;default&#8221; background_color=&#8221;#ffffff&#8221; width_tablet=&#8221;95%&#8221; width_phone=&#8221;&#8221; width_last_edited=&#8221;on|tablet&#8221; custom_margin=&#8221;||45px||false|false&#8221; saved_tabs=&#8221;all&#8221; global_colors_info=&#8221;{}&#8221; global_module=&#8221;12047&#8243;][et_pb_column type=&#8221;1_4&#8243; _builder_version=&#8221;4.6.0&#8243; _module_preset=&#8221;default&#8221; global_colors_info=&#8221;{}&#8221;][et_pb_image src=&#8221;https:\/\/outreach-wp.ixole.es\/wp-content\/uploads\/2020\/09\/Picture7.png&#8221; title_text=&#8221;Picture7&#8243; _builder_version=&#8221;4.7.7&#8243; _module_preset=&#8221;default&#8221; box_shadow_style=&#8221;preset1&#8243; global_colors_info=&#8221;{}&#8221;][\/et_pb_image][\/et_pb_column][et_pb_column type=&#8221;1_2&#8243; _builder_version=&#8221;4.6.0&#8243; _module_preset=&#8221;default&#8221; global_colors_info=&#8221;{}&#8221;][et_pb_team_member name=&#8221;pere puig&#8221; position=&#8221;Story Card 7&#8243; _builder_version=&#8221;4.6.0&#8243; _module_preset=&#8221;default&#8221; header_level=&#8221;h1&#8243; header_text_color=&#8221;#ffffff&#8221; position_text_color=&#8221;#ffffff&#8221; background_color=&#8221;#001489&#8243; custom_margin=&#8221;2vw|8vw||-4vw|false|false&#8221; custom_margin_tablet=&#8221;-4vw|5%||5%|false|false&#8221; custom_margin_phone=&#8221;&#8221; custom_margin_last_edited=&#8221;on|tablet&#8221; custom_padding=&#8221;25px||25px|5%|false|false&#8221; box_shadow_style=&#8221;preset1&#8243; box_shadow_blur=&#8221;80px&#8221; global_colors_info=&#8221;{}&#8221;][\/et_pb_team_member][et_pb_text _builder_version=&#8221;4.6.0&#8243; _module_preset=&#8221;default&#8221; custom_margin=&#8221;22.5px|5%||5%|false|true&#8221; global_colors_info=&#8221;{}&#8221;]<\/p>\n<p>M\u2019agrada sentir-me segur portant cotxe, aix\u00ed que qualsevol innovaci\u00f3 en seguretat m\u2019alegra. Per exemple, estic content que al meu\u00a0 nou cotxe hi hagi <b>sensors de llum infraroja<\/b> que m\u2019ajuden a aparcar i que m\u2019avisen quan algun cotxe s\u2019apropa molt evitant-me ensurts i fins i tot alguns accidents!<\/p>\n<p>En alguns anys, espero poder comprar un <b>cotxe aut\u00f2nom<\/b> per fi podr\u00e9 estar m\u00e9s calm i relaxat en mig del tr\u00e0nsit, perqu\u00e8 el cotxe far\u00e0 tot el treball. Molta de la feina de detecci\u00f3 d\u2019obstacles el faran uns polsos de fotons infrarojos, potser fins i tot detectats per c\u00e0meres de graf\u00e8!<\/p>\n<p>[\/et_pb_text][\/et_pb_column][et_pb_column type=&#8221;1_4&#8243; _builder_version=&#8221;4.6.0&#8243; _module_preset=&#8221;default&#8221; global_colors_info=&#8221;{}&#8221;][et_pb_text _builder_version=&#8221;4.7.7&#8243; _module_preset=&#8221;005acf34-daa7-482a-804a-f02d9dd90f47&#8243; global_colors_info=&#8221;{}&#8221;]<\/p>\n<h3>informaci\u00f3 i ciberseguretat<\/h3>\n<p>[\/et_pb_text][\/et_pb_column][\/et_pb_row][et_pb_row column_structure=&#8221;1_4,1_2,1_4&#8243; use_custom_gutter=&#8221;on&#8221; gutter_width=&#8221;1&#8243; _builder_version=&#8221;4.6.5&#8243; _module_preset=&#8221;default&#8221; background_color=&#8221;#ffffff&#8221; width_tablet=&#8221;95%&#8221; width_phone=&#8221;&#8221; width_last_edited=&#8221;on|tablet&#8221; custom_margin=&#8221;||45px||false|false&#8221; saved_tabs=&#8221;all&#8221; global_colors_info=&#8221;{}&#8221; global_module=&#8221;11315&#8243;][et_pb_column type=&#8221;1_4&#8243; _builder_version=&#8221;4.6.0&#8243; _module_preset=&#8221;default&#8221; global_colors_info=&#8221;{}&#8221;][et_pb_image src=&#8221;https:\/\/outreach-wp.ixole.es\/wp-content\/uploads\/2020\/09\/Picture12.png&#8221; alt=&#8221;Alina Anderson&#8221; title_text=&#8221;Picture12&#8243; _builder_version=&#8221;4.7.7&#8243; _module_preset=&#8221;default&#8221; box_shadow_style=&#8221;preset1&#8243; global_colors_info=&#8221;{}&#8221;][\/et_pb_image][\/et_pb_column][et_pb_column type=&#8221;1_2&#8243; _builder_version=&#8221;4.6.0&#8243; _module_preset=&#8221;default&#8221; global_colors_info=&#8221;{}&#8221;][et_pb_team_member name=&#8221;alina anderson&#8221; position=&#8221;Story Card 12&#8243; _builder_version=&#8221;4.6.0&#8243; _module_preset=&#8221;default&#8221; header_level=&#8221;h1&#8243; header_text_color=&#8221;#ffffff&#8221; position_text_color=&#8221;#ffffff&#8221; background_color=&#8221;#001489&#8243; custom_margin=&#8221;2vw|8vw||-4vw|false|false&#8221; custom_margin_tablet=&#8221;-4vw|5%||5%|false|false&#8221; custom_margin_phone=&#8221;&#8221; custom_margin_last_edited=&#8221;on|tablet&#8221; custom_padding=&#8221;25px||25px|5%|false|false&#8221; box_shadow_style=&#8221;preset1&#8243; box_shadow_blur=&#8221;80px&#8221; global_colors_info=&#8221;{}&#8221;][\/et_pb_team_member][et_pb_text _builder_version=&#8221;4.6.0&#8243; _module_preset=&#8221;default&#8221; custom_margin=&#8221;22.5px|5%||5%|false|true&#8221; global_colors_info=&#8221;{}&#8221;]<\/p>\n<p>Fa unes setmanes he aconseguit el treball dels meus somnis: treballo en un <i>maker<\/i> <i>space<\/i>, on puc trastejar amb totes les m\u00e0quines que tenen. M\u2019encanten les estructures flexibles que es poden obtenir tallant fusta: sense la <b>precisi\u00f3 dels <\/b><b>l\u00e0sers<\/b>, no es podrien obtenir tan f\u00e0cilment! Tamb\u00e9 em t\u00e9 fascinada la <b>nova impressora <\/b><b>3D<\/b>: gr\u00e0cies a un l\u00e0ser, podem reproduir r\u00e0pidament peces de pl\u00e0stic que altres <i>makers<\/i> han dissenyat a l\u2019altra punta del m\u00f3n. \u00c9s quasi com els teletransportadors de les pel\u00b7l\u00edcules de ci\u00e8ncia ficci\u00f3!<\/p>\n<p>[\/et_pb_text][\/et_pb_column][et_pb_column type=&#8221;1_4&#8243; _builder_version=&#8221;4.6.0&#8243; _module_preset=&#8221;default&#8221; global_colors_info=&#8221;{}&#8221;][et_pb_text _builder_version=&#8221;4.7.7&#8243; _module_preset=&#8221;default&#8221; header_3_text_color=&#8221;#3b4249&#8243; background_color=&#8221;#f1b434&#8243; background_layout=&#8221;dark&#8221; width_tablet=&#8221;&#8221; width_phone=&#8221;200%&#8221; width_last_edited=&#8221;on|tablet&#8221; max_width_tablet=&#8221;&#8221; max_width_phone=&#8221;&#8221; max_width_last_edited=&#8221;on|phone&#8221; module_alignment=&#8221;right&#8221; custom_margin=&#8221;2vw||||false|false&#8221; custom_margin_tablet=&#8221;&#8221; custom_margin_phone=&#8221;2vw|0px|||false|false&#8221; custom_margin_last_edited=&#8221;on|desktop&#8221; custom_padding=&#8221;10px|||22.5px|false|false&#8221; global_colors_info=&#8221;{}&#8221;]<\/p>\n<h3>fot\u00f2nica per a tot<\/h3>\n<p>[\/et_pb_text][\/et_pb_column][\/et_pb_row][\/et_pb_section][et_pb_section fb_built=&#8221;1&#8243; _builder_version=&#8221;4.7.7&#8243; _module_preset=&#8221;default&#8221; background_color=&#8221;rgba(132,189,0,0.5)&#8221; background_enable_image=&#8221;off&#8221; background_size=&#8221;initial&#8221; background_repeat=&#8221;repeat&#8221; global_colors_info=&#8221;{}&#8221;][et_pb_row _builder_version=&#8221;4.6.0&#8243; _module_preset=&#8221;default&#8221; width_tablet=&#8221;90%&#8221; width_phone=&#8221;&#8221; width_last_edited=&#8221;on|tablet&#8221; global_colors_info=&#8221;{}&#8221; global_module=&#8221;11316&#8243;][et_pb_column type=&#8221;4_4&#8243; _builder_version=&#8221;4.6.0&#8243; _module_preset=&#8221;default&#8221; global_colors_info=&#8221;{}&#8221;][et_pb_text _builder_version=&#8221;4.7.7&#8243; _module_preset=&#8221;default&#8221; header_font=&#8221;||||||||&#8221; header_font_size=&#8221;60px&#8221; header_2_text_color=&#8221;#84bd00&#8243; header_2_font_size=&#8221;42px&#8221; background_color=&#8221;#ffffff&#8221; custom_padding=&#8221;10px|5%|10px|5%|false|false&#8221; global_colors_info=&#8221;{}&#8221;]<\/p>\n<h2>info cards<\/h2>\n<p>&nbsp;<\/p>\n<p>Llegeix totes les cartes d\u2019aquesta categoria, tria les dues que et semblin m\u00e9s interessants i comenta-les amb la resta del grup.<\/p>\n<p>&nbsp;<\/p>\n<p>[\/et_pb_text][\/et_pb_column][\/et_pb_row][et_pb_row column_structure=&#8221;1_4,1_2,1_4&#8243; use_custom_gutter=&#8221;on&#8221; gutter_width=&#8221;1&#8243; _builder_version=&#8221;4.6.5&#8243; _module_preset=&#8221;default&#8221; background_color=&#8221;#ffffff&#8221; width_tablet=&#8221;90%&#8221; width_phone=&#8221;&#8221; width_last_edited=&#8221;on|tablet&#8221; custom_margin=&#8221;||45px||false|false&#8221; saved_tabs=&#8221;all&#8221; global_colors_info=&#8221;{}&#8221; global_module=&#8221;11667&#8243;][et_pb_column type=&#8221;1_4&#8243; _builder_version=&#8221;4.6.0&#8243; _module_preset=&#8221;default&#8221; global_colors_info=&#8221;{}&#8221;][et_pb_image src=&#8221;https:\/\/outreach-wp.ixole.es\/wp-content\/uploads\/2020\/09\/criptografia.jpg&#8221; title_text=&#8221;criptografia&#8221; _builder_version=&#8221;4.7.7&#8243; _module_preset=&#8221;default&#8221; box_shadow_style=&#8221;preset1&#8243; global_colors_info=&#8221;{}&#8221;][\/et_pb_image][\/et_pb_column][et_pb_column type=&#8221;1_2&#8243; _builder_version=&#8221;4.6.0&#8243; _module_preset=&#8221;default&#8221; global_colors_info=&#8221;{}&#8221;][et_pb_team_member name=&#8221;criptografia qu\u00e0ntica&#8221; position=&#8221;Info Card 3&#8243; _builder_version=&#8221;4.6.5&#8243; _module_preset=&#8221;default&#8221; header_level=&#8221;h1&#8243; header_text_color=&#8221;#ffffff&#8221; position_text_color=&#8221;#ffffff&#8221; background_color=&#8221;#84bd00&#8243; custom_margin=&#8221;2vw|8vw||-4vw|false|false&#8221; custom_margin_tablet=&#8221;-4vw|5%||5%|false|false&#8221; custom_margin_phone=&#8221;&#8221; custom_margin_last_edited=&#8221;on|tablet&#8221; custom_padding=&#8221;25px|5%|25px|5%|false|false&#8221; box_shadow_style=&#8221;preset1&#8243; box_shadow_blur=&#8221;80px&#8221; global_colors_info=&#8221;{}&#8221;][\/et_pb_team_member][et_pb_text _builder_version=&#8221;4.6.5&#8243; _module_preset=&#8221;default&#8221; custom_margin=&#8221;22.5px|5%||5%|false|false&#8221; global_colors_info=&#8221;{}&#8221;]<\/p>\n<p>Cada dia compartim molt\u00edssima informaci\u00f3 privada (dades personals, financeres o sanit\u00e0ries) que podria ser interceptada: els protocols criptogr\u00e0fics que actualment\u00a0 les protegeixen no funcionarien amb ordinadors m\u00e9s potents que els actuals.<\/p>\n<p>Una soluci\u00f3 podria arribar de la f\u00edsica qu\u00e0ntica, que permet <b>dissenyar protocols criptogr\u00e0fics que resistirien als atacs de qualsevol ordinador<\/b> (present o futur). Hi ha encara molts reptes tecnol\u00f2gics per poder arribar a integrar sistemes de criptografia qu\u00e0ntica a la xarxa de telecomunicacions actual: resoldre\u2019ls \u00e9s l\u2019objectiu de CiViQ, un projecte europeu de la Quantum Flagship que l\u2019ICFO coordina i en el que hi participen altres centres de recerca, universitats i grans i petites empreses, entre les quals hi ha Quside i LuxQuanta, <i>spin-off<\/i> de l\u2019ICFO fundades en els darrers anys.<\/p>\n<p>Foto: Un dels laboratoris de l&#8217;ICFO on es desenvolupen les tecnologies per criptografia qu\u00e0ntica<\/p>\n<p>&nbsp;<\/p>\n<p>[\/et_pb_text][\/et_pb_column][et_pb_column type=&#8221;1_4&#8243; _builder_version=&#8221;4.6.0&#8243; _module_preset=&#8221;default&#8221; global_colors_info=&#8221;{}&#8221;][et_pb_text _builder_version=&#8221;4.7.7&#8243; _module_preset=&#8221;005acf34-daa7-482a-804a-f02d9dd90f47&#8243; global_colors_info=&#8221;{}&#8221;]<\/p>\n<h3>informaci\u00f3 i cibersecuretat<\/h3>\n<p>[\/et_pb_text][\/et_pb_column][\/et_pb_row][et_pb_row column_structure=&#8221;1_4,1_2,1_4&#8243; use_custom_gutter=&#8221;on&#8221; gutter_width=&#8221;1&#8243; _builder_version=&#8221;4.6.5&#8243; _module_preset=&#8221;default&#8221; background_color=&#8221;#ffffff&#8221; width_tablet=&#8221;90%&#8221; width_phone=&#8221;&#8221; width_last_edited=&#8221;on|tablet&#8221; custom_margin=&#8221;||45px||false|false&#8221; saved_tabs=&#8221;all&#8221; global_colors_info=&#8221;{}&#8221; global_module=&#8221;11661&#8243;][et_pb_column type=&#8221;1_4&#8243; _builder_version=&#8221;4.6.0&#8243; _module_preset=&#8221;default&#8221; global_colors_info=&#8221;{}&#8221;][et_pb_image src=&#8221;https:\/\/outreach-wp.ixole.es\/wp-content\/uploads\/2020\/09\/sixsenso.jpg&#8221; title_text=&#8221;sixsenso&#8221; _builder_version=&#8221;4.7.7&#8243; _module_preset=&#8221;default&#8221; box_shadow_style=&#8221;preset1&#8243; global_colors_info=&#8221;{}&#8221;][\/et_pb_image][\/et_pb_column][et_pb_column type=&#8221;1_2&#8243; _builder_version=&#8221;4.6.0&#8243; _module_preset=&#8221;default&#8221; global_colors_info=&#8221;{}&#8221;][et_pb_team_member name=&#8221;detecci\u00f3 de microorganismes a l&#8217;aigua&#8221; position=&#8221;Info Card 7&#8243; _builder_version=&#8221;4.6.5&#8243; _module_preset=&#8221;default&#8221; header_level=&#8221;h1&#8243; header_text_color=&#8221;#ffffff&#8221; position_text_color=&#8221;#ffffff&#8221; background_color=&#8221;#84bd00&#8243; custom_margin=&#8221;2vw|8vw||-4vw|false|false&#8221; custom_margin_tablet=&#8221;-4vw|5%||5%|false|false&#8221; custom_margin_phone=&#8221;&#8221; custom_margin_last_edited=&#8221;on|tablet&#8221; custom_padding=&#8221;25px|5%|25px|5%|false|false&#8221; box_shadow_style=&#8221;preset1&#8243; box_shadow_blur=&#8221;80px&#8221; global_colors_info=&#8221;{}&#8221;][\/et_pb_team_member][et_pb_text _builder_version=&#8221;4.6.5&#8243; _module_preset=&#8221;default&#8221; custom_margin=&#8221;22.5px|5%||5%|false|false&#8221; global_colors_info=&#8221;{}&#8221;]<\/p>\n<p>Estem acostumats a anar a la platja sense preocupar-nos de malalties perqu\u00e8 hi ha entitats com la Ag\u00e8ncia Catalana de l\u2019Aigua (ACA) que controlen l\u2019aigua de les platges, garantint la salut dels banyistes. Gr\u00e0cies a la fot\u00f2nica, aviat ser\u00e0 possible la<b> an\u00e0lisi<\/b> <b><i>in situ<\/i><\/b> en poques hores, reduint sensiblement els temps d\u2019espera per <b>detectar la pres\u00e8ncia<\/b> <b>\u00a0de microorganismes nocius<\/b>.<\/p>\n<p>Per aquest motiu, l\u2019ACA ha acordat amb l\u2019ICFO desenvolupar aquesta tecnologia per fer el seguiment de l\u2019estat de les platges catalanes. Aquesta mateixa tecnologia podria aplicar-se tamb\u00e9 en el camp de la seguretat aliment\u00e0ria i d\u2019altres sectors industrials.<\/p>\n<p>[\/et_pb_text][\/et_pb_column][et_pb_column type=&#8221;1_4&#8243; _builder_version=&#8221;4.6.0&#8243; _module_preset=&#8221;default&#8221; global_colors_info=&#8221;{}&#8221;][et_pb_text _builder_version=&#8221;4.7.7&#8243; _module_preset=&#8221;005acf34-daa7-482a-804a-f02d9dd90f47&#8243; background_color=&#8221;#84BD00&#8243; global_colors_info=&#8221;{}&#8221;]<\/p>\n<h3>energia i medi ambient<\/h3>\n<p>[\/et_pb_text][\/et_pb_column][\/et_pb_row][et_pb_row column_structure=&#8221;1_4,1_2,1_4&#8243; use_custom_gutter=&#8221;on&#8221; gutter_width=&#8221;1&#8243; _builder_version=&#8221;4.7.7&#8243; _module_preset=&#8221;default&#8221; background_color=&#8221;#ffffff&#8221; width_tablet=&#8221;90%&#8221; width_phone=&#8221;&#8221; width_last_edited=&#8221;on|tablet&#8221; custom_margin=&#8221;||45px||false|false&#8221; saved_tabs=&#8221;all&#8221; global_colors_info=&#8221;{}&#8221; global_module=&#8221;11318&#8243;][et_pb_column type=&#8221;1_4&#8243; _builder_version=&#8221;4.6.0&#8243; _module_preset=&#8221;default&#8221; global_colors_info=&#8221;{}&#8221;][et_pb_image src=&#8221;https:\/\/outreach-wp.ixole.es\/wp-content\/uploads\/2020\/09\/qt.png&#8221; title_text=&#8221;qt&#8221; _builder_version=&#8221;4.7.7&#8243; _module_preset=&#8221;default&#8221; box_shadow_style=&#8221;preset1&#8243; global_colors_info=&#8221;{}&#8221;][\/et_pb_image][\/et_pb_column][et_pb_column type=&#8221;1_2&#8243; _builder_version=&#8221;4.6.0&#8243; _module_preset=&#8221;default&#8221; global_colors_info=&#8221;{}&#8221;][et_pb_team_member name=&#8221;tecnologies qu\u00e0ntiques&#8221; position=&#8221;Info Card 10&#8243; _builder_version=&#8221;4.6.5&#8243; _module_preset=&#8221;default&#8221; header_level=&#8221;h1&#8243; header_text_color=&#8221;#ffffff&#8221; position_text_color=&#8221;#ffffff&#8221; background_color=&#8221;#84bd00&#8243; custom_margin=&#8221;2vw|8vw||-4vw|false|false&#8221; custom_margin_tablet=&#8221;-4vw|5%||5%|false|false&#8221; custom_margin_phone=&#8221;&#8221; custom_margin_last_edited=&#8221;on|tablet&#8221; custom_padding=&#8221;25px|5%|25px|5%|false|false&#8221; box_shadow_style=&#8221;preset1&#8243; box_shadow_blur=&#8221;80px&#8221; global_colors_info=&#8221;{}&#8221;][\/et_pb_team_member][et_pb_text _builder_version=&#8221;4.6.5&#8243; _module_preset=&#8221;default&#8221; custom_margin=&#8221;22.5px|5%||5%|false|false&#8221; global_colors_info=&#8221;{}&#8221;]<\/p>\n<p>La f\u00edsica qu\u00e0ntica descriu el m\u00f3n a escala at\u00f2mica i molecular: en els darrers anys, la comunitat cient\u00edfica ha apr\u00e8s a <b>aprofitar-se dels fen\u00f2mens que apareixen a <\/b><b>escala <\/b><b>microsc\u00f2pica per crear noves tecnologies<\/b>.<\/p>\n<p>S\u2019espera que les tecnologies qu\u00e0ntiques millorin la manera d\u2019estudiar alguns sistemes f\u00edsics, la seguretat de les nostres comunicacions, la rapidesa de c\u00e0lcul dels ordinadors i la sensibilitat dels sensors.<\/p>\n<p>Amb m\u00e9s de la meitat dels seus grups treballant en aquests camps, l\u2019ICFO suma els seus esfor\u00e7os als d\u2019altres centres de recerca i empreses formant part activa de xarxes a nivell local (<b>QuantumCAT<\/b>) i internacional (<b>European<\/b><b> Quantum <\/b><b>Flagship<\/b>) que tenen com objectiu accelerar l\u2019arribada d\u2019aquestes tecnologies a l\u2019abast de la societat.<\/p>\n<p>[\/et_pb_text][\/et_pb_column][et_pb_column type=&#8221;1_4&#8243; _builder_version=&#8221;4.6.0&#8243; _module_preset=&#8221;default&#8221; global_colors_info=&#8221;{}&#8221;][et_pb_text _builder_version=&#8221;4.7.7&#8243; _module_preset=&#8221;default&#8221; header_3_text_color=&#8221;#ffffff&#8221; background_color=&#8221;#EE7214&#8243; background_layout=&#8221;dark&#8221; width_tablet=&#8221;&#8221; width_phone=&#8221;200%&#8221; width_last_edited=&#8221;on|tablet&#8221; max_width_tablet=&#8221;&#8221; max_width_phone=&#8221;&#8221; max_width_last_edited=&#8221;on|phone&#8221; module_alignment=&#8221;right&#8221; custom_margin=&#8221;2vw||||false|false&#8221; custom_margin_tablet=&#8221;&#8221; custom_margin_phone=&#8221;2vw|0px|||false|false&#8221; custom_margin_last_edited=&#8221;on|desktop&#8221; custom_padding=&#8221;10px|||22.5px|false|false&#8221; global_colors_info=&#8221;{}&#8221;]<\/p>\n<h3>informaci\u00f3 i ciberseguretat<\/h3>\n<p>[\/et_pb_text][\/et_pb_column][\/et_pb_row][et_pb_row column_structure=&#8221;1_4,1_2,1_4&#8243; use_custom_gutter=&#8221;on&#8221; gutter_width=&#8221;1&#8243; _builder_version=&#8221;4.6.5&#8243; _module_preset=&#8221;default&#8221; background_color=&#8221;#ffffff&#8221; width_tablet=&#8221;90%&#8221; width_phone=&#8221;&#8221; width_last_edited=&#8221;on|tablet&#8221; custom_margin=&#8221;||45px||false|false&#8221; saved_tabs=&#8221;all&#8221; global_colors_info=&#8221;{}&#8221; global_module=&#8221;11711&#8243;][et_pb_column type=&#8221;1_4&#8243; _builder_version=&#8221;4.6.0&#8243; _module_preset=&#8221;default&#8221; global_colors_info=&#8221;{}&#8221;][et_pb_image src=&#8221;https:\/\/outreach-wp.ixole.es\/wp-content\/uploads\/2020\/09\/covid.png&#8221; title_text=&#8221;covid&#8221; _builder_version=&#8221;4.7.7&#8243; _module_preset=&#8221;default&#8221; box_shadow_style=&#8221;preset1&#8243; global_colors_info=&#8221;{}&#8221;][\/et_pb_image][\/et_pb_column][et_pb_column type=&#8221;1_2&#8243; _builder_version=&#8221;4.6.0&#8243; _module_preset=&#8221;default&#8221; global_colors_info=&#8221;{}&#8221;][et_pb_team_member name=&#8221;llum per entendre la covid-19&#8243; position=&#8221;Info Card 15&#8243; _builder_version=&#8221;4.6.5&#8243; _module_preset=&#8221;default&#8221; header_level=&#8221;h1&#8243; header_text_color=&#8221;#ffffff&#8221; position_text_color=&#8221;#ffffff&#8221; background_color=&#8221;#84bd00&#8243; custom_margin=&#8221;2vw|8vw||-4vw|false|false&#8221; custom_margin_tablet=&#8221;-4vw|5%||5%|false|false&#8221; custom_margin_phone=&#8221;&#8221; custom_margin_last_edited=&#8221;on|tablet&#8221; custom_padding=&#8221;25px|5%|25px|5%|false|false&#8221; box_shadow_style=&#8221;preset1&#8243; box_shadow_blur=&#8221;80px&#8221; global_colors_info=&#8221;{}&#8221;][\/et_pb_team_member][et_pb_text _builder_version=&#8221;4.6.5&#8243; _module_preset=&#8221;default&#8221; custom_margin=&#8221;22.5px|5%||5%|false|false&#8221; global_colors_info=&#8221;{}&#8221;]<\/p>\n<p>Durant la primera gran onada de la pand\u00e8mia de la COVID-19, un equip de l\u2019ICFO va treballar intensament amb un equip m\u00e8dic de l\u2019Hospital Parc Tauli per provar una nova idea: <b>avaluar <\/b><b>amb dispositius fot\u00f2nics les <\/b><b>disfuncions <\/b><b>microvasculars<\/b><b> en <\/b><b>pacients <\/b><b>de <\/b><b>COVID-19<\/b>.<\/p>\n<p>Aquesta podria ser una opci\u00f3 de baix cost,\u00a0 no invasiva pels pacients i senzilla d\u2019\u00fas pels professionals de la salut per ajudar a establir el millor tractament durant les diferents fases de la COVID-19 i ajudar a personalitzar els tractaments. El projecte es va estendre a diferents pa\u00efsos del m\u00f3n i fins i tot va ser seleccionat per ser un dels 23 projectes cient\u00edfics que la Uni\u00f3 Europea va finan\u00e7ar a finals de l\u2019estiu del 2020 per fer front a la pand\u00e8mia.<\/p>\n<p>Foto: Cient\u00edfics de l\u2019ICFO provant l\u2019equip abans d\u2019enviar-lo als hospitals.<\/p>\n<p>[\/et_pb_text][\/et_pb_column][et_pb_column type=&#8221;1_4&#8243; _builder_version=&#8221;4.6.0&#8243; _module_preset=&#8221;default&#8221; global_colors_info=&#8221;{}&#8221;][et_pb_text _builder_version=&#8221;4.7.7&#8243; _module_preset=&#8221;005acf34-daa7-482a-804a-f02d9dd90f47&#8243; background_color=&#8221;#af008e&#8221; global_colors_info=&#8221;{}&#8221;]<\/p>\n<h3>salut<\/h3>\n<p>[\/et_pb_text][\/et_pb_column][\/et_pb_row][\/et_pb_section][et_pb_section fb_built=&#8221;1&#8243; _builder_version=&#8221;4.7.7&#8243; _module_preset=&#8221;default&#8221; background_color=&#8221;rgba(238,114,20,0.5)&#8221; background_enable_image=&#8221;off&#8221; background_size=&#8221;initial&#8221; background_position=&#8221;top_center&#8221; background_repeat=&#8221;repeat&#8221; width_tablet=&#8221;&#8221; width_phone=&#8221;&#8221; width_last_edited=&#8221;on|tablet&#8221; max_width_tablet=&#8221;&#8221; max_width_phone=&#8221;&#8221; max_width_last_edited=&#8221;on|desktop&#8221; global_colors_info=&#8221;{}&#8221;][et_pb_row _builder_version=&#8221;4.6.0&#8243; _module_preset=&#8221;default&#8221; width_tablet=&#8221;90%&#8221; width_phone=&#8221;&#8221; width_last_edited=&#8221;on|tablet&#8221; custom_padding=&#8221;||||false|false&#8221; global_colors_info=&#8221;{}&#8221; global_module=&#8221;11321&#8243;][et_pb_column type=&#8221;4_4&#8243; _builder_version=&#8221;4.6.0&#8243; _module_preset=&#8221;default&#8221; global_colors_info=&#8221;{}&#8221;][et_pb_text _builder_version=&#8221;4.7.7&#8243; _module_preset=&#8221;default&#8221; header_font=&#8221;||||||||&#8221; header_font_size=&#8221;60px&#8221; header_2_text_color=&#8221;#ee7214&#8243; header_2_font_size=&#8221;42px&#8221; background_color=&#8221;#ffffff&#8221; custom_padding=&#8221;10px|5%|10px|5%|false|false&#8221; global_colors_info=&#8221;{}&#8221;]<\/p>\n<h2>Thinking cards<\/h2>\n<p>Llegeix totes les cartes d\u2019aquesta categoria, tria la que et sembli m\u00e9s interessant i comenta-la amb la resta del grup.<\/p>\n<p><span style=\"font-size: 14px;\">\u00a0<\/span><\/p>\n<p>[\/et_pb_text][\/et_pb_column][\/et_pb_row][et_pb_row _builder_version=&#8221;4.7.7&#8243; _module_preset=&#8221;default&#8221; global_colors_info=&#8221;{}&#8221;][et_pb_column type=&#8221;4_4&#8243; _builder_version=&#8221;4.7.7&#8243; _module_preset=&#8221;default&#8221; global_colors_info=&#8221;{}&#8221;][\/et_pb_column][\/et_pb_row][et_pb_row column_structure=&#8221;1_4,1_2,1_4&#8243; use_custom_gutter=&#8221;on&#8221; gutter_width=&#8221;1&#8243; _builder_version=&#8221;4.6.5&#8243; _module_preset=&#8221;default&#8221; background_color=&#8221;#ffffff&#8221; width_tablet=&#8221;90%&#8221; width_phone=&#8221;&#8221; width_last_edited=&#8221;on|tablet&#8221; custom_margin=&#8221;||45px||false|false&#8221; saved_tabs=&#8221;all&#8221; global_colors_info=&#8221;{}&#8221; global_module=&#8221;11716&#8243;][et_pb_column type=&#8221;1_4&#8243; _builder_version=&#8221;4.6.0&#8243; _module_preset=&#8221;default&#8221; global_colors_info=&#8221;{}&#8221;][et_pb_image src=&#8221;https:\/\/outreach-wp.ixole.es\/wp-content\/uploads\/2020\/10\/thinking_Eucalyp.png&#8221; title_text=&#8221;thinking_Eucalyp&#8221; disabled_on=&#8221;off|off|off&#8221; _builder_version=&#8221;4.10.7&#8243; _module_preset=&#8221;default&#8221; box_shadow_style=&#8221;preset1&#8243; global_colors_info=&#8221;{}&#8221;][\/et_pb_image][\/et_pb_column][et_pb_column type=&#8221;1_2&#8243; _builder_version=&#8221;4.6.0&#8243; _module_preset=&#8221;default&#8221; global_colors_info=&#8221;{}&#8221;][et_pb_team_member name=&#8221;efectes col\u00b7laterals&#8221; position=&#8221;Thinking Card 9&#8243; _builder_version=&#8221;4.6.5&#8243; _module_preset=&#8221;default&#8221; header_level=&#8221;h1&#8243; header_text_color=&#8221;#ffffff&#8221; position_text_color=&#8221;#ffffff&#8221; background_color=&#8221;#ee7214&#8243; custom_margin=&#8221;2vw|8vw||-4vw|false|false&#8221; custom_margin_tablet=&#8221;-4vw|5%||5%|false|false&#8221; custom_margin_phone=&#8221;&#8221; custom_margin_last_edited=&#8221;on|tablet&#8221; custom_padding=&#8221;25px|5%|25px|5%|false|false&#8221; box_shadow_style=&#8221;preset1&#8243; box_shadow_blur=&#8221;80px&#8221; global_colors_info=&#8221;{}&#8221;][\/et_pb_team_member][et_pb_text _builder_version=&#8221;4.6.5&#8243; _module_preset=&#8221;default&#8221; custom_margin=&#8221;22.5px|5%||5%|false|false&#8221; global_colors_info=&#8221;{}&#8221;]<\/p>\n<p>El coneixement no \u00e9s negatiu <i>a priori<\/i>: \u00e9s l\u2019\u00fas que en fan les persones que a vegades crea conseq\u00fc\u00e8ncies negatives. Sabem que els aven\u00e7os cient\u00edfics dels \u00faltims anys han portat immensos beneficis, per\u00f2 tamb\u00e9 noves maneres de atemptar contra la seguretat i la llibertat de les persones.<\/p>\n<p><b>Cal investigar tot, sabent que en alguns casos el coneixement mal emprat <\/b><b>pot <\/b><b>donar lloc a perills?<\/b><\/p>\n<p>[\/et_pb_text][\/et_pb_column][et_pb_column type=&#8221;1_4&#8243; _builder_version=&#8221;4.6.0&#8243; _module_preset=&#8221;default&#8221; global_colors_info=&#8221;{}&#8221;][\/et_pb_column][\/et_pb_row][et_pb_row column_structure=&#8221;1_4,1_2,1_4&#8243; use_custom_gutter=&#8221;on&#8221; gutter_width=&#8221;1&#8243; _builder_version=&#8221;4.7.7&#8243; _module_preset=&#8221;default&#8221; background_color=&#8221;#ffffff&#8221; width_tablet=&#8221;90%&#8221; width_phone=&#8221;&#8221; width_last_edited=&#8221;on|tablet&#8221; custom_margin=&#8221;||45px||false|false&#8221; saved_tabs=&#8221;all&#8221; global_colors_info=&#8221;{}&#8221; global_module=&#8221;11323&#8243;][et_pb_column type=&#8221;1_4&#8243; _builder_version=&#8221;4.6.0&#8243; _module_preset=&#8221;default&#8221; global_colors_info=&#8221;{}&#8221;][et_pb_image src=&#8221;https:\/\/outreach-wp.ixole.es\/wp-content\/uploads\/2020\/10\/thinking_Eucalyp.png&#8221; title_text=&#8221;thinking_Eucalyp&#8221; _builder_version=&#8221;4.7.7&#8243; _module_preset=&#8221;default&#8221; box_shadow_style=&#8221;preset1&#8243; global_colors_info=&#8221;{}&#8221;][\/et_pb_image][\/et_pb_column][et_pb_column type=&#8221;1_2&#8243; _builder_version=&#8221;4.6.0&#8243; _module_preset=&#8221;default&#8221; global_colors_info=&#8221;{}&#8221;][et_pb_team_member name=&#8221;Presencial o virtual?&#8221; position=&#8221;Thinking Card 16&#8243; _builder_version=&#8221;4.6.5&#8243; _module_preset=&#8221;default&#8221; header_level=&#8221;h1&#8243; header_text_color=&#8221;#ffffff&#8221; position_text_color=&#8221;#ffffff&#8221; background_color=&#8221;#ee7214&#8243; custom_margin=&#8221;2vw|8vw||-4vw|false|false&#8221; custom_margin_tablet=&#8221;-4vw|5%||5%|false|false&#8221; custom_margin_phone=&#8221;&#8221; custom_margin_last_edited=&#8221;on|tablet&#8221; custom_padding=&#8221;25px|5%|25px|5%|false|false&#8221; box_shadow_style=&#8221;preset1&#8243; box_shadow_blur=&#8221;80px&#8221; global_colors_info=&#8221;{}&#8221;][\/et_pb_team_member][et_pb_text _builder_version=&#8221;4.6.5&#8243; _module_preset=&#8221;default&#8221; custom_margin=&#8221;22.5px|5%||5%|false|false&#8221; global_colors_info=&#8221;{}&#8221;]<\/p>\n<p>Les confer\u00e8ncies s\u00f3n les ocasions perfectes pels cient\u00edfics per fer con\u00e8ixer el seu treball als col\u00b7legues d\u2019arreu del m\u00f3n, intercanviar idees i establir noves col\u00b7laboracions.<\/p>\n<p>Durant els darrers anys, l\u2019emerg\u00e8ncia clim\u00e0tica i ara la COVID han obert el debat de si s\u2019haurien de reduir els viatges a favor dels <b>esdeveniments virtuals<\/b>, els quals <b>no permeten socialitzar<\/b> i formar lligams de manera natural com en una confer\u00e8ncia presencial.<\/p>\n<p>La pand\u00e8mia no ha fet altra cosa que accelerar aquest debat: les trobades entre cient\u00edfics haurien de ser presencials o virtuals?<\/p>\n<p>[\/et_pb_text][\/et_pb_column][et_pb_column type=&#8221;1_4&#8243; _builder_version=&#8221;4.6.0&#8243; _module_preset=&#8221;default&#8221; global_colors_info=&#8221;{}&#8221;][\/et_pb_column][\/et_pb_row][\/et_pb_section][et_pb_section fb_built=&#8221;1&#8243; _builder_version=&#8221;4.7.7&#8243; _module_preset=&#8221;default&#8221; background_color=&#8221;rgba(175,0,142,0.5)&#8221; background_enable_image=&#8221;off&#8221; background_size=&#8221;initial&#8221; background_repeat=&#8221;repeat&#8221; width_tablet=&#8221;&#8221; width_phone=&#8221;&#8221; width_last_edited=&#8221;on|tablet&#8221; max_width_tablet=&#8221;&#8221; max_width_phone=&#8221;&#8221; max_width_last_edited=&#8221;on|desktop&#8221; saved_tabs=&#8221;all&#8221; global_colors_info=&#8221;{}&#8221; global_module=&#8221;11324&#8243;][et_pb_row _builder_version=&#8221;4.6.0&#8243; _module_preset=&#8221;default&#8221; width_tablet=&#8221;90%&#8221; width_phone=&#8221;&#8221; width_last_edited=&#8221;on|tablet&#8221; custom_padding=&#8221;||||false|false&#8221; global_colors_info=&#8221;{}&#8221;][et_pb_column type=&#8221;4_4&#8243; _builder_version=&#8221;4.6.0&#8243; _module_preset=&#8221;default&#8221; global_colors_info=&#8221;{}&#8221;][et_pb_text _builder_version=&#8221;4.7.7&#8243; _module_preset=&#8221;default&#8221; header_font=&#8221;||||||||&#8221; header_font_size=&#8221;60px&#8221; header_2_text_color=&#8221;#af008e&#8221; header_2_font_size=&#8221;42px&#8221; background_color=&#8221;#ffffff&#8221; custom_padding=&#8221;10px|5%|10px|5%|false|false&#8221; global_colors_info=&#8221;{}&#8221;]<\/p>\n<h2>DECISI\u00f3<\/h2>\n<p>&nbsp;<\/p>\n<p>El temps i recursos disponibles per resoldre els problemes importants que afecten la societat s\u00f3n limitats. Imagina&#8217;t ser part de la comissi\u00f3 que ha de decidir com invertir la partida de diners destinada a la recerca fot\u00f2nica a escala europea pels pr\u00f2xims anys: <b>sabent que la fot\u00f2nica beneficia la societat en moltes maneres diferents<\/b>, com distribuiries els fons entre els diferents camps de recerca en fot\u00f2nica?<\/p>\n<p>Aquesta no \u00e9s una decisi\u00f3 individual: cada grup ha d\u2019arribar a una conclusi\u00f3 un\u00e0nime discutint de manera correcta i racional basada en els fets que heu apr\u00e8s fins ara. No hi ha una resposta correcta o equivocada. Com moltes coses a la vida, dep\u00e8n del punt de vista en qu\u00e8 es mira, de les prioritats que un posi,&#8230;<\/p>\n<p>&nbsp;<\/p>\n<p>&nbsp;<\/p>\n<p>[\/et_pb_text][\/et_pb_column][\/et_pb_row][et_pb_row column_structure=&#8221;1_4,1_2,1_4&#8243; use_custom_gutter=&#8221;on&#8221; gutter_width=&#8221;1&#8243; _builder_version=&#8221;4.6.5&#8243; _module_preset=&#8221;default&#8221; background_color=&#8221;#ffffff&#8221; width_tablet=&#8221;90%&#8221; width_phone=&#8221;&#8221; width_last_edited=&#8221;on|tablet&#8221; custom_margin=&#8221;||45px||false|false&#8221; global_colors_info=&#8221;{}&#8221;][et_pb_column type=&#8221;1_4&#8243; _builder_version=&#8221;4.6.0&#8243; _module_preset=&#8221;default&#8221; global_colors_info=&#8221;{}&#8221;][et_pb_image src=&#8221;https:\/\/outreach-wp.ixole.es\/wp-content\/uploads\/2020\/09\/charity_Freepik.png&#8221; title_text=&#8221;charity_Freepik&#8221; _builder_version=&#8221;4.6.0&#8243; _module_preset=&#8221;default&#8221; box_shadow_style=&#8221;preset1&#8243; global_colors_info=&#8221;{}&#8221;][\/et_pb_image][\/et_pb_column][et_pb_column type=&#8221;1_2&#8243; _builder_version=&#8221;4.6.0&#8243; _module_preset=&#8221;default&#8221; global_colors_info=&#8221;{}&#8221;][et_pb_team_member name=&#8221;Fot\u00f2nica per a la salut&#8221; position=&#8221;Opci\u00f3 1&#8243; _builder_version=&#8221;4.6.0&#8243; _module_preset=&#8221;default&#8221; header_level=&#8221;h1&#8243; header_text_color=&#8221;#ffffff&#8221; position_text_color=&#8221;#ffffff&#8221; background_color=&#8221;#af008e&#8221; custom_margin=&#8221;2vw|8vw||-4vw|false|false&#8221; custom_margin_tablet=&#8221;-4vw|5%||5%|false|false&#8221; custom_margin_phone=&#8221;&#8221; custom_margin_last_edited=&#8221;on|tablet&#8221; custom_padding=&#8221;25px||25px|5%|false|false&#8221; box_shadow_style=&#8221;preset1&#8243; box_shadow_blur=&#8221;80px&#8221; global_colors_info=&#8221;{}&#8221;][\/et_pb_team_member][et_pb_text _builder_version=&#8221;4.6.0&#8243; _module_preset=&#8221;default&#8221; custom_margin=&#8221;22.5px|5%||5%|false|false&#8221; global_colors_info=&#8221;{}&#8221;]<\/p>\n<p>La pand\u00e8mia que va sorgir en 2020 ens va ensenyar que la salut p\u00fablica \u00e9s un sector molt important que afecta a molts m\u00e9s aspectes de la societat. Un min\u00fascul virus pot afectar la vida de milions de persones en tots els seus aspectes, no nom\u00e9s la salut, per\u00f2 tamb\u00e9\u00a0 l\u2019economia, estructura industrial, mercat laboral&#8230;\u00a0<\/p>\n<p>Per aix\u00f2 \u00e9s important <b>concentrar la majoria dels nostres esfor\u00e7os en projectes de recerca que puguin millorar i cuidar la salut de les persones.<\/b><\/p>\n<p>[\/et_pb_text][\/et_pb_column][et_pb_column type=&#8221;1_4&#8243; _builder_version=&#8221;4.6.0&#8243; _module_preset=&#8221;default&#8221; global_colors_info=&#8221;{}&#8221;][\/et_pb_column][\/et_pb_row][et_pb_row column_structure=&#8221;1_4,1_2,1_4&#8243; use_custom_gutter=&#8221;on&#8221; gutter_width=&#8221;1&#8243; _builder_version=&#8221;4.7.7&#8243; _module_preset=&#8221;default&#8221; background_color=&#8221;#ffffff&#8221; width_tablet=&#8221;90%&#8221; width_phone=&#8221;&#8221; width_last_edited=&#8221;on|tablet&#8221; custom_margin=&#8221;||45px||false|false&#8221; global_colors_info=&#8221;{}&#8221;][et_pb_column type=&#8221;1_4&#8243; _builder_version=&#8221;4.6.0&#8243; _module_preset=&#8221;default&#8221; global_colors_info=&#8221;{}&#8221;][et_pb_image src=&#8221;https:\/\/outreach-wp.ixole.es\/wp-content\/uploads\/2020\/09\/computer_Eucalyp.png&#8221; title_text=&#8221;computer_Eucalyp&#8221; _builder_version=&#8221;4.6.5&#8243; _module_preset=&#8221;default&#8221; box_shadow_style=&#8221;preset1&#8243; global_colors_info=&#8221;{}&#8221;][\/et_pb_image][\/et_pb_column][et_pb_column type=&#8221;1_2&#8243; _builder_version=&#8221;4.6.0&#8243; _module_preset=&#8221;default&#8221; global_colors_info=&#8221;{}&#8221;][et_pb_team_member name=&#8221;Fot\u00f2nica per a la informaci\u00f3 i la ciberseguretat&#8221; position=&#8221;Opci\u00f3 2&#8243; _builder_version=&#8221;4.6.5&#8243; _module_preset=&#8221;default&#8221; header_level=&#8221;h1&#8243; header_text_color=&#8221;#ffffff&#8221; position_text_color=&#8221;#ffffff&#8221; background_color=&#8221;#EE7214&#8243; custom_margin=&#8221;2vw|8vw||-4vw|false|false&#8221; custom_margin_tablet=&#8221;-4vw|5%||5%|false|false&#8221; custom_margin_phone=&#8221;&#8221; custom_margin_last_edited=&#8221;on|tablet&#8221; custom_padding=&#8221;25px|5%|25px|5%|false|false&#8221; box_shadow_style=&#8221;preset1&#8243; box_shadow_blur=&#8221;80px&#8221; global_colors_info=&#8221;{}&#8221;][\/et_pb_team_member][et_pb_text _builder_version=&#8221;4.6.0&#8243; _module_preset=&#8221;default&#8221; custom_margin=&#8221;22.5px|5%||5%|false|false&#8221; global_colors_info=&#8221;{}&#8221;]<\/p>\n<p>Vivim a l\u2019era de la informaci\u00f3. Cada dia m\u00e9s empreses i institucions recullen i analitzen grans quantitats de dades per millorar processos industrials i serveis per a la poblaci\u00f3. A m\u00e9s, les tecnologies digitals s\u00f3n cabdals per comunicar-nos entre nosaltres, sigui per treballar o divertir-nos. Si fallen els sistemes de informaci\u00f3, tamb\u00e9 fallen estructures estrat\u00e8giques com s\u00f3n les xarxes energ\u00e8tiques, control del tr\u00e0nsit, hospitals, governs,&#8230; Aix\u00ed, vetllar per la seguretat de les dades i perqu\u00e8 les puguem transmetre massiva i r\u00e0pidament \u00e9s de fonamental import\u00e0ncia per una societat digitalitzada com la nostra.<\/p>\n<p>Per aix\u00f2 \u00e9s important <b>concentrar la majoria dels nostres esfor\u00e7os en projectes de recerca que puguin millorar la recollida, an\u00e0lisis, transmissi\u00f3\u00a0 i seguretat de dades<\/b>.<\/p>\n<p>[\/et_pb_text][\/et_pb_column][et_pb_column type=&#8221;1_4&#8243; _builder_version=&#8221;4.6.0&#8243; _module_preset=&#8221;default&#8221; global_colors_info=&#8221;{}&#8221;][\/et_pb_column][\/et_pb_row][et_pb_row column_structure=&#8221;1_4,1_2,1_4&#8243; use_custom_gutter=&#8221;on&#8221; gutter_width=&#8221;1&#8243; _builder_version=&#8221;4.7.7&#8243; _module_preset=&#8221;default&#8221; background_color=&#8221;#ffffff&#8221; width_tablet=&#8221;90%&#8221; width_phone=&#8221;&#8221; width_last_edited=&#8221;on|tablet&#8221; custom_margin=&#8221;||45px||false|false&#8221; global_colors_info=&#8221;{}&#8221;][et_pb_column type=&#8221;1_4&#8243; _builder_version=&#8221;4.6.0&#8243; _module_preset=&#8221;default&#8221; global_colors_info=&#8221;{}&#8221;][et_pb_image src=&#8221;https:\/\/outreach-wp.ixole.es\/wp-content\/uploads\/2020\/09\/sustainable_Freepik.png&#8221; title_text=&#8221;sustainable_Freepik&#8221; _builder_version=&#8221;4.6.0&#8243; _module_preset=&#8221;default&#8221; box_shadow_style=&#8221;preset1&#8243; global_colors_info=&#8221;{}&#8221;][\/et_pb_image][\/et_pb_column][et_pb_column type=&#8221;1_2&#8243; _builder_version=&#8221;4.6.0&#8243; _module_preset=&#8221;default&#8221; global_colors_info=&#8221;{}&#8221;][et_pb_team_member name=&#8221;Fot\u00f2nica per a l&#8217;energia i el medi ambient&#8221; position=&#8221;Opci\u00f3 3&#8243; _builder_version=&#8221;4.7.7&#8243; _module_preset=&#8221;default&#8221; header_level=&#8221;h1&#8243; header_text_color=&#8221;#ffffff&#8221; position_text_color=&#8221;#ffffff&#8221; background_color=&#8221;#84bd00&#8243; custom_margin=&#8221;2vw|8vw||-4vw|false|false&#8221; custom_margin_tablet=&#8221;-4vw|5%||5%|false|false&#8221; custom_margin_phone=&#8221;&#8221; custom_margin_last_edited=&#8221;on|tablet&#8221; custom_padding=&#8221;25px|5%|25px|5%|false|true&#8221; box_shadow_style=&#8221;preset1&#8243; box_shadow_blur=&#8221;80px&#8221; global_colors_info=&#8221;{}&#8221;][\/et_pb_team_member][et_pb_text _builder_version=&#8221;4.6.0&#8243; _module_preset=&#8221;default&#8221; custom_margin=&#8221;22.5px|5%||5%|false|false&#8221; global_colors_info=&#8221;{}&#8221;]<\/p>\n<p>Estem al mig d\u2019una emerg\u00e8ncia clim\u00e0tica: per poder-la resoldre calen noves pol\u00edtiques ambientals i el comprom\u00eds de la societat sencera. La ci\u00e8ncia i la tecnologia poden contribuir a accelerar el canvi de paradigma que es necessita per salvar el planeta amb descobriments i tecnologies innovadores. Si no fem res ara, la Terra ser\u00e0 inhabitable i insostenible, per\u00f2 encara hi som a temps.<\/p>\n<p>Per aix\u00f2 \u00e9s important <b>concentrar la majoria dels nostres esfor\u00e7os en projectes de recerca que puguin ajudar-nos a cuidar del nostre planeta<\/b>.<\/p>\n<p><strong><\/strong><\/p>\n<p>[\/et_pb_text][\/et_pb_column][et_pb_column type=&#8221;1_4&#8243; _builder_version=&#8221;4.6.0&#8243; _module_preset=&#8221;default&#8221; global_colors_info=&#8221;{}&#8221;][\/et_pb_column][\/et_pb_row][et_pb_row column_structure=&#8221;1_4,1_2,1_4&#8243; use_custom_gutter=&#8221;on&#8221; gutter_width=&#8221;1&#8243; _builder_version=&#8221;4.7.7&#8243; _module_preset=&#8221;default&#8221; background_color=&#8221;#ffffff&#8221; width_tablet=&#8221;90%&#8221; width_phone=&#8221;&#8221; width_last_edited=&#8221;on|tablet&#8221; global_colors_info=&#8221;{}&#8221;][et_pb_column type=&#8221;1_4&#8243; _builder_version=&#8221;4.6.0&#8243; _module_preset=&#8221;default&#8221; global_colors_info=&#8221;{}&#8221;][et_pb_image src=&#8221;https:\/\/outreach-wp.ixole.es\/wp-content\/uploads\/2020\/09\/ecology_Freepik.png&#8221; title_text=&#8221;ecology_Freepik&#8221; _builder_version=&#8221;4.6.5&#8243; _module_preset=&#8221;default&#8221; box_shadow_style=&#8221;preset1&#8243; global_colors_info=&#8221;{}&#8221;][\/et_pb_image][\/et_pb_column][et_pb_column type=&#8221;1_2&#8243; _builder_version=&#8221;4.6.0&#8243; _module_preset=&#8221;default&#8221; global_colors_info=&#8221;{}&#8221;][et_pb_team_member name=&#8221;Fot\u00f2nica per a tot&#8221; position=&#8221;Opci\u00f3 4&#8243; _builder_version=&#8221;4.6.5&#8243; _module_preset=&#8221;default&#8221; header_level=&#8221;h1&#8243; header_text_color=&#8221;#3b4249&#8243; position_text_color=&#8221;#3b4249&#8243; background_color=&#8221;#f1b434&#8243; custom_margin=&#8221;2vw|8vw||-4vw|false|false&#8221; custom_margin_tablet=&#8221;-4vw|5%||5%|false|false&#8221; custom_margin_phone=&#8221;&#8221; custom_margin_last_edited=&#8221;on|tablet&#8221; custom_padding=&#8221;25px||25px|5%|false|false&#8221; box_shadow_style=&#8221;preset1&#8243; box_shadow_blur=&#8221;80px&#8221; global_colors_info=&#8221;{}&#8221;][\/et_pb_team_member][et_pb_text _builder_version=&#8221;4.6.0&#8243; _module_preset=&#8221;default&#8221; custom_margin=&#8221;22.5px|5%||5%|false|false&#8221; global_colors_info=&#8221;{}&#8221;]<\/p>\n<p>La fot\u00f2nica \u00e9s arreu i t\u00e9 un impacte positiu en molts aspectes diferents de la nostra vida. A vegades, una mateixa tecnologia (com per exemple el l\u00e0ser)\u00a0 pot millorar la salut, la informaci\u00f3 i la cura del medi ambient a la vegada. Hi ha molts problemes globals i \u00e9s complicat establir una prioritat, sobre tot perqu\u00e8 estan interconnectats.<\/p>\n<p>Per aix\u00f2 \u00e9s important no concentrar els nostres esfor\u00e7os en un \u00fanic camp d\u2019aplicaci\u00f3: <b>\u00e9s millor diversificar els nostres esfor\u00e7os per a tenir m\u00e9s possibilitats d\u2019\u00e8xit.<\/b><\/p>\n<p>[\/et_pb_text][\/et_pb_column][et_pb_column type=&#8221;1_4&#8243; _builder_version=&#8221;4.6.0&#8243; _module_preset=&#8221;default&#8221; global_colors_info=&#8221;{}&#8221;][\/et_pb_column][\/et_pb_row][\/et_pb_section][et_pb_section fb_built=&#8221;1&#8243; _builder_version=&#8221;4.7.7&#8243; _module_preset=&#8221;default&#8221; background_color=&#8221;rgba(175,0,142,0.5)&#8221; background_enable_image=&#8221;off&#8221; background_size=&#8221;initial&#8221; background_repeat=&#8221;repeat&#8221; width_tablet=&#8221;&#8221; width_phone=&#8221;&#8221; width_last_edited=&#8221;on|tablet&#8221; max_width_tablet=&#8221;&#8221; max_width_phone=&#8221;&#8221; max_width_last_edited=&#8221;on|desktop&#8221; saved_tabs=&#8221;all&#8221; global_colors_info=&#8221;{}&#8221;][et_pb_row _builder_version=&#8221;4.6.0&#8243; _module_preset=&#8221;default&#8221; width_tablet=&#8221;90%&#8221; width_phone=&#8221;&#8221; width_last_edited=&#8221;on|tablet&#8221; custom_padding=&#8221;||||false|false&#8221; global_colors_info=&#8221;{}&#8221;][et_pb_column type=&#8221;4_4&#8243; _builder_version=&#8221;4.6.0&#8243; _module_preset=&#8221;default&#8221; global_colors_info=&#8221;{}&#8221;][et_pb_text _builder_version=&#8221;4.7.7&#8243; _module_preset=&#8221;default&#8221; header_font=&#8221;||||||||&#8221; header_font_size=&#8221;60px&#8221; header_2_text_color=&#8221;#af008e&#8221; header_2_font_size=&#8221;42px&#8221; background_color=&#8221;#ffffff&#8221; custom_padding=&#8221;10px|5%|10px|5%|false|false&#8221; global_colors_info=&#8221;{}&#8221;]<\/p>\n<h2>DECISI\u00d3n<\/h2>\n<p>&nbsp;<\/p>\n<p>El tiempo y recursos disponibles para resolver los problemas importantes que afectan a la sociedad son limitados. Imag\u00ednate ser parte de la comisi\u00f3n que tiene que decidir c\u00f3mo invertir la partida de dinero destinada a la investigaci\u00f3n fot\u00f3nica a nivel europeo para los pr\u00f3ximos a\u00f1os: <strong>sabiendo que la fot\u00f3nica beneficia la sociedad en muchas maneras diferentes<\/strong>, \u00bfc\u00f3mo distribuir\u00edas los fondos entre los diferentes campos de investigaci\u00f3n en fot\u00f3nica?<\/p>\n<p>Esta no es una decisi\u00f3n individual: cada grupo debe llegar a una conclusi\u00f3n un\u00e1nime discutiendo de manera correcta y racional basada en los hechos que has aprendido hasta ahora. No hay una respuesta correcta o equivocada. Como muchas cosas en la vida, depende del punto de vista en que se mira, de las prioridades que uno ponga, &#8230;<\/p>\n<p>&nbsp;<\/p>\n<p>&nbsp;<\/p>\n<p>[\/et_pb_text][\/et_pb_column][\/et_pb_row][et_pb_row column_structure=&#8221;1_4,1_2,1_4&#8243; use_custom_gutter=&#8221;on&#8221; gutter_width=&#8221;1&#8243; _builder_version=&#8221;4.6.5&#8243; _module_preset=&#8221;default&#8221; background_color=&#8221;#ffffff&#8221; width_tablet=&#8221;90%&#8221; width_phone=&#8221;&#8221; width_last_edited=&#8221;on|tablet&#8221; custom_margin=&#8221;||45px||false|false&#8221; global_colors_info=&#8221;{}&#8221;][et_pb_column type=&#8221;1_4&#8243; _builder_version=&#8221;4.6.0&#8243; _module_preset=&#8221;default&#8221; global_colors_info=&#8221;{}&#8221;][et_pb_image src=&#8221;https:\/\/outreach-wp.ixole.es\/wp-content\/uploads\/2020\/09\/charity_Freepik.png&#8221; title_text=&#8221;charity_Freepik&#8221; _builder_version=&#8221;4.6.0&#8243; _module_preset=&#8221;default&#8221; box_shadow_style=&#8221;preset1&#8243; global_colors_info=&#8221;{}&#8221;][\/et_pb_image][\/et_pb_column][et_pb_column type=&#8221;1_2&#8243; _builder_version=&#8221;4.6.0&#8243; _module_preset=&#8221;default&#8221; global_colors_info=&#8221;{}&#8221;][et_pb_team_member name=&#8221;fot\u00f3nica para la salud&#8221; position=&#8221;Opci\u00f3n 1&#8243; _builder_version=&#8221;4.6.0&#8243; _module_preset=&#8221;default&#8221; header_level=&#8221;h1&#8243; header_text_color=&#8221;#ffffff&#8221; position_text_color=&#8221;#ffffff&#8221; background_color=&#8221;#af008e&#8221; custom_margin=&#8221;2vw|8vw||-4vw|false|false&#8221; custom_margin_tablet=&#8221;-4vw|5%||5%|false|false&#8221; custom_margin_phone=&#8221;&#8221; custom_margin_last_edited=&#8221;on|tablet&#8221; custom_padding=&#8221;25px||25px|5%|false|false&#8221; box_shadow_style=&#8221;preset1&#8243; box_shadow_blur=&#8221;80px&#8221; global_colors_info=&#8221;{}&#8221;][\/et_pb_team_member][et_pb_text _builder_version=&#8221;4.6.0&#8243; _module_preset=&#8221;default&#8221; custom_margin=&#8221;22.5px|5%||5%|false|false&#8221; global_colors_info=&#8221;{}&#8221;]<\/p>\n<p>La pandemia que surgi\u00f3 en 2020 nos ense\u00f1\u00f3 que la salud p\u00fablica es un sector muy importante que afecta a muchos m\u00e1s aspectos de la sociedad. Un min\u00fasculo virus puede afectar la vida de millones de personas en todos sus aspectos, no s\u00f3lo la salud, pero tambi\u00e9n la econom\u00eda, estructura industrial, mercado laboral &#8230;<\/p>\n<p>Por eso es importante <strong>concentrar la mayor\u00eda de nuestros esfuerzos en proyectos de investigaci\u00f3n que puedan mejorar y cuidar la salud de las personas.<\/strong><\/p>\n<p>[\/et_pb_text][\/et_pb_column][et_pb_column type=&#8221;1_4&#8243; _builder_version=&#8221;4.6.0&#8243; _module_preset=&#8221;default&#8221; global_colors_info=&#8221;{}&#8221;][\/et_pb_column][\/et_pb_row][et_pb_row column_structure=&#8221;1_4,1_2,1_4&#8243; use_custom_gutter=&#8221;on&#8221; gutter_width=&#8221;1&#8243; _builder_version=&#8221;4.6.5&#8243; _module_preset=&#8221;default&#8221; background_color=&#8221;#ffffff&#8221; width_tablet=&#8221;90%&#8221; width_phone=&#8221;&#8221; width_last_edited=&#8221;on|tablet&#8221; custom_margin=&#8221;||45px||false|false&#8221; global_colors_info=&#8221;{}&#8221;][et_pb_column type=&#8221;1_4&#8243; _builder_version=&#8221;4.6.0&#8243; _module_preset=&#8221;default&#8221; global_colors_info=&#8221;{}&#8221;][et_pb_image src=&#8221;https:\/\/outreach-wp.ixole.es\/wp-content\/uploads\/2020\/09\/computer_Eucalyp.png&#8221; title_text=&#8221;computer_Eucalyp&#8221; _builder_version=&#8221;4.6.5&#8243; _module_preset=&#8221;default&#8221; box_shadow_style=&#8221;preset1&#8243; global_colors_info=&#8221;{}&#8221;][\/et_pb_image][\/et_pb_column][et_pb_column type=&#8221;1_2&#8243; _builder_version=&#8221;4.6.0&#8243; _module_preset=&#8221;default&#8221; global_colors_info=&#8221;{}&#8221;][et_pb_team_member name=&#8221;fot\u00f3nica para la informaci\u00f3n y la ciberseguridad&#8221; position=&#8221;Opci\u00f3n 2&#8243; _builder_version=&#8221;4.6.5&#8243; _module_preset=&#8221;default&#8221; header_level=&#8221;h1&#8243; header_text_color=&#8221;#ffffff&#8221; position_text_color=&#8221;#ffffff&#8221; background_color=&#8221;#EE7214&#8243; custom_margin=&#8221;2vw|8vw||-4vw|false|false&#8221; custom_margin_tablet=&#8221;-4vw|5%||5%|false|false&#8221; custom_margin_phone=&#8221;&#8221; custom_margin_last_edited=&#8221;on|tablet&#8221; custom_padding=&#8221;25px|5%|25px|5%|false|false&#8221; box_shadow_style=&#8221;preset1&#8243; box_shadow_blur=&#8221;80px&#8221; global_colors_info=&#8221;{}&#8221;][\/et_pb_team_member][et_pb_text _builder_version=&#8221;4.6.0&#8243; _module_preset=&#8221;default&#8221; custom_margin=&#8221;22.5px|5%||5%|false|false&#8221; global_colors_info=&#8221;{}&#8221;]<\/p>\n<p>Vivimos en la era de la informaci\u00f3n. Cada d\u00eda m\u00e1s empresas e instituciones recogen y analizan grandes cantidades de datos para mejorar procesos industriales y servicios para la poblaci\u00f3n. Adem\u00e1s, las tecnolog\u00edas digitales son fundamentales para comunicarnos entre nosotros, sea para trabajar o divertirnos. Si fallan los sistemas de informaci\u00f3n, fallan tambi\u00e9n las estructuras estrat\u00e9gicas como son las redes energ\u00e9ticas, control del tr\u00e1fico, hospitales, gobiernos, &#8230; As\u00ed, velar por la seguridad de los datos y para que las podamos transmitir masiva y r\u00e1pidamente es de fundamental importancia para una sociedad digitalizada como la nuestra.<\/p>\n<p>Por eso es importante <strong>concentrar la mayor\u00eda de nuestros esfuerzos en proyectos de investigaci\u00f3n que puedan mejorar la recogida, an\u00e1lisis, transmisi\u00f3n y seguridad de datos.<\/strong><\/p>\n<p>[\/et_pb_text][\/et_pb_column][et_pb_column type=&#8221;1_4&#8243; _builder_version=&#8221;4.6.0&#8243; _module_preset=&#8221;default&#8221; global_colors_info=&#8221;{}&#8221;][\/et_pb_column][\/et_pb_row][et_pb_row column_structure=&#8221;1_4,1_2,1_4&#8243; use_custom_gutter=&#8221;on&#8221; gutter_width=&#8221;1&#8243; _builder_version=&#8221;4.6.5&#8243; _module_preset=&#8221;default&#8221; background_color=&#8221;#ffffff&#8221; width_tablet=&#8221;90%&#8221; width_phone=&#8221;&#8221; width_last_edited=&#8221;on|tablet&#8221; custom_margin=&#8221;||45px||false|false&#8221; global_colors_info=&#8221;{}&#8221;][et_pb_column type=&#8221;1_4&#8243; _builder_version=&#8221;4.6.0&#8243; _module_preset=&#8221;default&#8221; global_colors_info=&#8221;{}&#8221;][et_pb_image src=&#8221;https:\/\/outreach-wp.ixole.es\/wp-content\/uploads\/2020\/09\/sustainable_Freepik.png&#8221; title_text=&#8221;sustainable_Freepik&#8221; _builder_version=&#8221;4.6.0&#8243; _module_preset=&#8221;default&#8221; box_shadow_style=&#8221;preset1&#8243; global_colors_info=&#8221;{}&#8221;][\/et_pb_image][\/et_pb_column][et_pb_column type=&#8221;1_2&#8243; _builder_version=&#8221;4.6.0&#8243; _module_preset=&#8221;default&#8221; global_colors_info=&#8221;{}&#8221;][et_pb_team_member name=&#8221;fot\u00f3nica para la energ\u00eda y el medio ambiente&#8221; position=&#8221;Opci\u00f3n 3&#8243; _builder_version=&#8221;4.7.7&#8243; _module_preset=&#8221;default&#8221; header_level=&#8221;h1&#8243; header_text_color=&#8221;#ffffff&#8221; position_text_color=&#8221;#ffffff&#8221; background_color=&#8221;#84bd00&#8243; custom_margin=&#8221;2vw|8vw||-4vw|false|false&#8221; custom_margin_tablet=&#8221;-4vw|5%||5%|false|false&#8221; custom_margin_phone=&#8221;&#8221; custom_margin_last_edited=&#8221;on|tablet&#8221; custom_padding=&#8221;25px|5%|25px|5%|false|true&#8221; box_shadow_style=&#8221;preset1&#8243; box_shadow_blur=&#8221;80px&#8221; global_colors_info=&#8221;{}&#8221;][\/et_pb_team_member][et_pb_text _builder_version=&#8221;4.6.0&#8243; _module_preset=&#8221;default&#8221; custom_margin=&#8221;22.5px|5%||5%|false|false&#8221; global_colors_info=&#8221;{}&#8221;]<\/p>\n<p>Estamos en el medio de una emergencia clim\u00e1tica: para poderla resolver se necesitan nuevas pol\u00edticas ambientales y el compromiso de la sociedad entera. La ciencia y la tecnolog\u00eda pueden contribuir a acelerar el cambio de paradigma que se necesita para salvar el planeta con descubrimientos y tecnolog\u00edas innovadoras. Si no hacemos nada ahora, la Tierra ser\u00e1 inhabitable e insostenible, pero todav\u00eda estamos a tiempo.<\/p>\n<p>Por eso es importante <strong>concentrar la mayor\u00eda de nuestros esfuerzos en proyectos de investigaci\u00f3n que puedan ayudarnos a cuidar de nuestro planeta.<\/strong><\/p>\n<p>[\/et_pb_text][\/et_pb_column][et_pb_column type=&#8221;1_4&#8243; _builder_version=&#8221;4.6.0&#8243; _module_preset=&#8221;default&#8221; global_colors_info=&#8221;{}&#8221;][\/et_pb_column][\/et_pb_row][et_pb_row column_structure=&#8221;1_4,1_2,1_4&#8243; use_custom_gutter=&#8221;on&#8221; gutter_width=&#8221;1&#8243; _builder_version=&#8221;4.6.0&#8243; _module_preset=&#8221;default&#8221; background_color=&#8221;#ffffff&#8221; width_tablet=&#8221;90%&#8221; width_phone=&#8221;&#8221; width_last_edited=&#8221;on|tablet&#8221; global_colors_info=&#8221;{}&#8221;][et_pb_column type=&#8221;1_4&#8243; _builder_version=&#8221;4.6.0&#8243; _module_preset=&#8221;default&#8221; global_colors_info=&#8221;{}&#8221;][et_pb_image src=&#8221;https:\/\/outreach-wp.ixole.es\/wp-content\/uploads\/2020\/09\/ecology_Freepik.png&#8221; title_text=&#8221;ecology_Freepik&#8221; _builder_version=&#8221;4.6.5&#8243; _module_preset=&#8221;default&#8221; box_shadow_style=&#8221;preset1&#8243; global_colors_info=&#8221;{}&#8221;][\/et_pb_image][\/et_pb_column][et_pb_column type=&#8221;1_2&#8243; _builder_version=&#8221;4.6.0&#8243; _module_preset=&#8221;default&#8221; global_colors_info=&#8221;{}&#8221;][et_pb_team_member name=&#8221;Fot\u00f3nica para todo&#8221; position=&#8221;Opci\u00f3n 4&#8243; _builder_version=&#8221;4.6.5&#8243; _module_preset=&#8221;default&#8221; header_level=&#8221;h1&#8243; header_text_color=&#8221;#3b4249&#8243; position_text_color=&#8221;#3b4249&#8243; background_color=&#8221;#f1b434&#8243; custom_margin=&#8221;2vw|8vw||-4vw|false|false&#8221; custom_margin_tablet=&#8221;-4vw|5%||5%|false|false&#8221; custom_margin_phone=&#8221;&#8221; custom_margin_last_edited=&#8221;on|tablet&#8221; custom_padding=&#8221;25px||25px|5%|false|false&#8221; box_shadow_style=&#8221;preset1&#8243; box_shadow_blur=&#8221;80px&#8221; global_colors_info=&#8221;{}&#8221;][\/et_pb_team_member][et_pb_text _builder_version=&#8221;4.6.0&#8243; _module_preset=&#8221;default&#8221; custom_margin=&#8221;22.5px|5%||5%|false|false&#8221; global_colors_info=&#8221;{}&#8221;]<\/p>\n<p>La fot\u00f3nica est\u00e1 en todas partes y tiene un impacto positivo en muchos aspectos diferentes de nuestra vida. A veces, una misma tecnolog\u00eda (como por ejemplo el l\u00e1ser) puede mejorar la salud, la informaci\u00f3n y el cuidado del medio ambiente a la vez. Hay muchos problemas globales y es complicado establecer una prioridad, sobre todo porque est\u00e1n interconectados.<\/p>\n<p>Por eso es importante no concentrar nuestros esfuerzos en un \u00fanico campo de aplicaci\u00f3n: <strong>es mejor diversificar nuestros esfuerzos para tener m\u00e1s posibilidades de \u00e9xito.<\/strong><\/p>\n<p>[\/et_pb_text][\/et_pb_column][et_pb_column type=&#8221;1_4&#8243; _builder_version=&#8221;4.6.0&#8243; _module_preset=&#8221;default&#8221; global_colors_info=&#8221;{}&#8221;][\/et_pb_column][\/et_pb_row][\/et_pb_section][et_pb_section fb_built=&#8221;1&#8243; _builder_version=&#8221;4.6.0&#8243; _module_preset=&#8221;default&#8221; global_colors_info=&#8221;{}&#8221;][et_pb_row _builder_version=&#8221;4.7.7&#8243; _module_preset=&#8221;default&#8221; global_colors_info=&#8221;{}&#8221;][et_pb_column type=&#8221;4_4&#8243; _builder_version=&#8221;4.6.0&#8243; _module_preset=&#8221;default&#8221; global_colors_info=&#8221;{}&#8221;][et_pb_text _builder_version=&#8221;4.7.7&#8243; _module_preset=&#8221;default&#8221; text_text_color=&#8221;#3b4249&#8243; text_orientation=&#8221;right&#8221; global_colors_info=&#8221;{}&#8221;]<\/p>\n<p>Icons made by <a href=\"http:\/\/www.freepik.com\/\" target=\"_blank\" rel=\"noopener noreferrer\">Freepik <\/a>and <a href=\"https:\/\/www.flaticon.es\/autores\/eucalyp\" target=\"_blank\" rel=\"noopener noreferrer\">Eucalyp<\/a> from <a href=\"https:\/\/www.flaticon.com\/\" target=\"_blank\" rel=\"noopener noreferrer\">Flaticon<\/a><\/p>\n<p>[\/et_pb_text][\/et_pb_column][\/et_pb_row][\/et_pb_section]<\/p>\n","protected":false},"excerpt":{"rendered":"<p>ICFO decide game Grup 6 &#8211; Participant 1Story cards Llegeix totes les cartes d\u2019aquesta categoria, tria la que et sembli m\u00e9s interessant i comenta-la amb la resta del grup. Vaig portar ulleres des de molt petit i sempre volia ser com els meus amics que podien fer esport i anar a la piscina sense tenir [&hellip;]<\/p>\n","protected":false},"author":4,"featured_media":0,"comment_status":"open","ping_status":"open","sticky":false,"template":"","format":"standard","meta":{"_et_pb_use_builder":"on","_et_pb_old_content":"","_et_gb_content_width":""},"categories":[343],"tags":[],"acf":[],"yoast_head":"<!-- This site is optimized with the Yoast SEO plugin v20.4 - https:\/\/yoast.com\/wordpress\/plugins\/seo\/ -->\n<title>ICFO Decide Game - Group 6 - Participant 1 - Outreach<\/title>\n<meta name=\"robots\" content=\"index, follow, max-snippet:-1, max-image-preview:large, max-video-preview:-1\" \/>\n<link rel=\"canonical\" href=\"https:\/\/outreach-wp.ixole.es\/ca\/icfodg-g6-p1\/\" \/>\n<meta property=\"og:locale\" content=\"ca_ES\" \/>\n<meta property=\"og:type\" content=\"article\" \/>\n<meta property=\"og:title\" content=\"ICFO Decide Game - Group 6 - Participant 1 - Outreach\" \/>\n<meta property=\"og:description\" content=\"ICFO decide game Grup 6 - Participant 1Story cards Llegeix totes les cartes d\u2019aquesta categoria, tria la que et sembli m\u00e9s interessant i comenta-la amb la resta del grup. Vaig portar ulleres des de molt petit i sempre volia ser com els meus amics que podien fer esport i anar a la piscina sense tenir [&hellip;]\" \/>\n<meta property=\"og:url\" content=\"https:\/\/outreach-wp.ixole.es\/ca\/icfodg-g6-p1\/\" \/>\n<meta property=\"og:site_name\" content=\"Outreach\" \/>\n<meta property=\"article:published_time\" content=\"2021-02-09T13:10:10+00:00\" \/>\n<meta property=\"article:modified_time\" content=\"2021-11-16T13:41:03+00:00\" \/>\n<meta name=\"author\" content=\"Fede\" \/>\n<meta name=\"twitter:card\" content=\"summary_large_image\" \/>\n<meta name=\"twitter:label1\" content=\"Written by\" \/>\n\t<meta name=\"twitter:data1\" content=\"Fede\" \/>\n<script type=\"application\/ld+json\" class=\"yoast-schema-graph\">{\"@context\":\"https:\/\/schema.org\",\"@graph\":[{\"@type\":\"WebPage\",\"@id\":\"https:\/\/outreach-wp.ixole.es\/ca\/icfodg-g6-p1\/\",\"url\":\"https:\/\/outreach-wp.ixole.es\/ca\/icfodg-g6-p1\/\",\"name\":\"ICFO Decide Game - Group 6 - Participant 1 - Outreach\",\"isPartOf\":{\"@id\":\"https:\/\/outreach-wp.ixole.es\/#website\"},\"datePublished\":\"2021-02-09T13:10:10+00:00\",\"dateModified\":\"2021-11-16T13:41:03+00:00\",\"author\":{\"@id\":\"https:\/\/outreach-wp.ixole.es\/#\/schema\/person\/e84721afeb87801ade3d9da43be798d2\"},\"breadcrumb\":{\"@id\":\"https:\/\/outreach-wp.ixole.es\/ca\/icfodg-g6-p1\/#breadcrumb\"},\"inLanguage\":\"ca-ES\",\"potentialAction\":[{\"@type\":\"ReadAction\",\"target\":[\"https:\/\/outreach-wp.ixole.es\/ca\/icfodg-g6-p1\/\"]}]},{\"@type\":\"BreadcrumbList\",\"@id\":\"https:\/\/outreach-wp.ixole.es\/ca\/icfodg-g6-p1\/#breadcrumb\",\"itemListElement\":[{\"@type\":\"ListItem\",\"position\":1,\"name\":\"Portada\",\"item\":\"https:\/\/outreach-wp.ixole.es\/\"},{\"@type\":\"ListItem\",\"position\":2,\"name\":\"ICFO Decide Game &#8211; Group 6 &#8211; Participant 1\"}]},{\"@type\":\"WebSite\",\"@id\":\"https:\/\/outreach-wp.ixole.es\/#website\",\"url\":\"https:\/\/outreach-wp.ixole.es\/\",\"name\":\"Outreach\",\"description\":\"ICFO&#039;s Outreach\",\"potentialAction\":[{\"@type\":\"SearchAction\",\"target\":{\"@type\":\"EntryPoint\",\"urlTemplate\":\"https:\/\/outreach-wp.ixole.es\/?s={search_term_string}\"},\"query-input\":\"required name=search_term_string\"}],\"inLanguage\":\"ca-ES\"},{\"@type\":\"Person\",\"@id\":\"https:\/\/outreach-wp.ixole.es\/#\/schema\/person\/e84721afeb87801ade3d9da43be798d2\",\"name\":\"Fede\",\"image\":{\"@type\":\"ImageObject\",\"inLanguage\":\"ca-ES\",\"@id\":\"https:\/\/outreach-wp.ixole.es\/#\/schema\/person\/image\/\",\"url\":\"https:\/\/secure.gravatar.com\/avatar\/d30041aa5d6e5259b9ad460419ee99ca?s=96&d=mm&r=g\",\"contentUrl\":\"https:\/\/secure.gravatar.com\/avatar\/d30041aa5d6e5259b9ad460419ee99ca?s=96&d=mm&r=g\",\"caption\":\"Fede\"},\"url\":\"https:\/\/outreach-wp.ixole.es\/ca\/author\/fede\/\"}]}<\/script>\n<!-- \/ Yoast SEO plugin. -->","yoast_head_json":{"title":"ICFO Decide Game - Group 6 - Participant 1 - Outreach","robots":{"index":"index","follow":"follow","max-snippet":"max-snippet:-1","max-image-preview":"max-image-preview:large","max-video-preview":"max-video-preview:-1"},"canonical":"https:\/\/outreach-wp.ixole.es\/ca\/icfodg-g6-p1\/","og_locale":"ca_ES","og_type":"article","og_title":"ICFO Decide Game - Group 6 - Participant 1 - Outreach","og_description":"ICFO decide game Grup 6 - Participant 1Story cards Llegeix totes les cartes d\u2019aquesta categoria, tria la que et sembli m\u00e9s interessant i comenta-la amb la resta del grup. Vaig portar ulleres des de molt petit i sempre volia ser com els meus amics que podien fer esport i anar a la piscina sense tenir [&hellip;]","og_url":"https:\/\/outreach-wp.ixole.es\/ca\/icfodg-g6-p1\/","og_site_name":"Outreach","article_published_time":"2021-02-09T13:10:10+00:00","article_modified_time":"2021-11-16T13:41:03+00:00","author":"Fede","twitter_card":"summary_large_image","twitter_misc":{"Written by":"Fede"},"schema":{"@context":"https:\/\/schema.org","@graph":[{"@type":"WebPage","@id":"https:\/\/outreach-wp.ixole.es\/ca\/icfodg-g6-p1\/","url":"https:\/\/outreach-wp.ixole.es\/ca\/icfodg-g6-p1\/","name":"ICFO Decide Game - Group 6 - Participant 1 - Outreach","isPartOf":{"@id":"https:\/\/outreach-wp.ixole.es\/#website"},"datePublished":"2021-02-09T13:10:10+00:00","dateModified":"2021-11-16T13:41:03+00:00","author":{"@id":"https:\/\/outreach-wp.ixole.es\/#\/schema\/person\/e84721afeb87801ade3d9da43be798d2"},"breadcrumb":{"@id":"https:\/\/outreach-wp.ixole.es\/ca\/icfodg-g6-p1\/#breadcrumb"},"inLanguage":"ca-ES","potentialAction":[{"@type":"ReadAction","target":["https:\/\/outreach-wp.ixole.es\/ca\/icfodg-g6-p1\/"]}]},{"@type":"BreadcrumbList","@id":"https:\/\/outreach-wp.ixole.es\/ca\/icfodg-g6-p1\/#breadcrumb","itemListElement":[{"@type":"ListItem","position":1,"name":"Portada","item":"https:\/\/outreach-wp.ixole.es\/"},{"@type":"ListItem","position":2,"name":"ICFO Decide Game &#8211; Group 6 &#8211; Participant 1"}]},{"@type":"WebSite","@id":"https:\/\/outreach-wp.ixole.es\/#website","url":"https:\/\/outreach-wp.ixole.es\/","name":"Outreach","description":"ICFO&#039;s Outreach","potentialAction":[{"@type":"SearchAction","target":{"@type":"EntryPoint","urlTemplate":"https:\/\/outreach-wp.ixole.es\/?s={search_term_string}"},"query-input":"required name=search_term_string"}],"inLanguage":"ca-ES"},{"@type":"Person","@id":"https:\/\/outreach-wp.ixole.es\/#\/schema\/person\/e84721afeb87801ade3d9da43be798d2","name":"Fede","image":{"@type":"ImageObject","inLanguage":"ca-ES","@id":"https:\/\/outreach-wp.ixole.es\/#\/schema\/person\/image\/","url":"https:\/\/secure.gravatar.com\/avatar\/d30041aa5d6e5259b9ad460419ee99ca?s=96&d=mm&r=g","contentUrl":"https:\/\/secure.gravatar.com\/avatar\/d30041aa5d6e5259b9ad460419ee99ca?s=96&d=mm&r=g","caption":"Fede"},"url":"https:\/\/outreach-wp.ixole.es\/ca\/author\/fede\/"}]}},"_links":{"self":[{"href":"https:\/\/outreach-wp.ixole.es\/ca\/wp-json\/wp\/v2\/posts\/12391"}],"collection":[{"href":"https:\/\/outreach-wp.ixole.es\/ca\/wp-json\/wp\/v2\/posts"}],"about":[{"href":"https:\/\/outreach-wp.ixole.es\/ca\/wp-json\/wp\/v2\/types\/post"}],"author":[{"embeddable":true,"href":"https:\/\/outreach-wp.ixole.es\/ca\/wp-json\/wp\/v2\/users\/4"}],"replies":[{"embeddable":true,"href":"https:\/\/outreach-wp.ixole.es\/ca\/wp-json\/wp\/v2\/comments?post=12391"}],"version-history":[{"count":1,"href":"https:\/\/outreach-wp.ixole.es\/ca\/wp-json\/wp\/v2\/posts\/12391\/revisions"}],"predecessor-version":[{"id":12403,"href":"https:\/\/outreach-wp.ixole.es\/ca\/wp-json\/wp\/v2\/posts\/12391\/revisions\/12403"}],"wp:attachment":[{"href":"https:\/\/outreach-wp.ixole.es\/ca\/wp-json\/wp\/v2\/media?parent=12391"}],"wp:term":[{"taxonomy":"category","embeddable":true,"href":"https:\/\/outreach-wp.ixole.es\/ca\/wp-json\/wp\/v2\/categories?post=12391"},{"taxonomy":"post_tag","embeddable":true,"href":"https:\/\/outreach-wp.ixole.es\/ca\/wp-json\/wp\/v2\/tags?post=12391"}],"curies":[{"name":"wp","href":"https:\/\/api.w.org\/{rel}","templated":true}]}}